{"id":9978,"date":"2024-11-25T14:44:57","date_gmt":"2024-11-25T17:44:57","guid":{"rendered":"https:\/\/autofans.com.ar\/?p=9978"},"modified":"2024-11-25T14:44:57","modified_gmt":"2024-11-25T17:44:57","slug":"mercedes-benz-cla-electrico-3-717-kilometros-en-solo-24-horas","status":"publish","type":"post","link":"https:\/\/autofans.com.ar\/index.php\/2024\/11\/25\/mercedes-benz-cla-electrico-3-717-kilometros-en-solo-24-horas\/","title":{"rendered":"Mercedes-Benz CLA el\u00e9ctrico, 3.717 kil\u00f3metros en solo 24 horas"},"content":{"rendered":"<p>El Mercedes-Benz CLA el\u00e9ctrico sorprendi\u00f3 al mundo al establecer un r\u00e9cord hist\u00f3rico en el circuito de Nard\u00f3, Italia. En una prueba sin precedentes, complet\u00f3 3.717 kil\u00f3metros en 24 horas, reafirmando el compromiso de la marca alemana con la innovaci\u00f3n en movilidad sostenible.<\/p>\n<p>&nbsp;<\/p>\n<h2>Mercedes-Benz CLA el\u00e9ctrico<\/h2>\n<p>Durante la prueba, la bater\u00eda se recarg\u00f3 40 veces en estaciones est\u00e1ndar, con pausas de solo 10 minutos. Esto permiti\u00f3 mantener una velocidad promedio de 154,9 km\/h, destacando el equilibrio entre autonom\u00eda y eficiencia.<\/p>\n<p>&nbsp;<\/p>\n<p><img fetchpriority=\"high\" decoding=\"async\" class=\"aligncenter wp-image-9982 size-full\" src=\"https:\/\/autofans.com.ar\/wp-content\/uploads\/2024\/11\/mercedes-1-2.jpg\" alt=\"Mercedes-Benz CLA\" width=\"1000\" height=\"667\" srcset=\"https:\/\/autofans.com.ar\/wp-content\/uploads\/2024\/11\/mercedes-1-2.jpg 1000w, https:\/\/autofans.com.ar\/wp-content\/uploads\/2024\/11\/mercedes-1-2-300x200.jpg 300w, https:\/\/autofans.com.ar\/wp-content\/uploads\/2024\/11\/mercedes-1-2-768x512.jpg 768w\" sizes=\"(max-width: 1000px) 100vw, 1000px\" \/><\/p>\n<p>&nbsp;<\/p>\n<p>El CLA el\u00e9ctrico, pr\u00f3ximo a ser presentado a nivel mundial, ofrecer\u00e1 sistemas de propulsi\u00f3n con potencias de entre 200 y 540 CV, adapt\u00e1ndose a distintas necesidades. Su bater\u00eda de 89.6 kWh permitir\u00e1 cargas ultrarr\u00e1pidas de hasta 250 kW y una autonom\u00eda estimada de 750 kil\u00f3metros.<\/p>\n<p>&nbsp;<\/p>\n<h2>Arquitectura MMA &#8211; la base del futuro el\u00e9ctrico de Mercedes-Benz<\/h2>\n<p>Este modelo ser\u00e1 el primero en utilizar la nueva arquitectura modular MMA de Mercedes-Benz. Este sistema de 800 voltios no solo optimiza la gesti\u00f3n de energ\u00eda, sino que tambi\u00e9n admite cargas m\u00e1s r\u00e1pidas y eficientes. A futuro, esta plataforma ser\u00e1 la base de dos SUV compactos que ampliar\u00e1n la gama el\u00e9ctrica de la marca.<\/p>\n<p>&nbsp;<\/p>\n<p><img decoding=\"async\" class=\"aligncenter wp-image-9981 size-full\" src=\"https:\/\/autofans.com.ar\/wp-content\/uploads\/2024\/11\/mercedes-2-2.jpg\" alt=\"Mercedes-Benz CLA\" width=\"1000\" height=\"667\" srcset=\"https:\/\/autofans.com.ar\/wp-content\/uploads\/2024\/11\/mercedes-2-2.jpg 1000w, https:\/\/autofans.com.ar\/wp-content\/uploads\/2024\/11\/mercedes-2-2-300x200.jpg 300w, https:\/\/autofans.com.ar\/wp-content\/uploads\/2024\/11\/mercedes-2-2-768x512.jpg 768w\" sizes=\"(max-width: 1000px) 100vw, 1000px\" \/><\/p>\n<p>&nbsp;<\/p>\n<p>Con estos avances, el Mercedes-Benz CLA el\u00e9ctrico demuestra que la movilidad el\u00e9ctrica no solo es una alternativa viable, sino tambi\u00e9n competitiva frente a los veh\u00edculos de combusti\u00f3n tradicionales.<\/p>\n<p>&nbsp;<\/p>\n<p>&nbsp;<\/p>\n<p>&nbsp;<\/p>\n<p><i>Para enterarte de m\u00e1s novedades, no dejes de leer\u00a0<\/i><a href=\"https:\/\/autofans.thebrandsoup.com\/\"><i>nuestras notas<\/i><\/a><i>, de ver<\/i><b><i>\u00a0<\/i><\/b><a href=\"https:\/\/www.youtube.com\/channel\/UCgAC8UGHZYbT6P7PpmVnP7g\"><b><i>AUTOFANS TV<\/i><\/b><\/a><b><i>\u00a0<\/i><\/b><i>en nuestro\u00a0canal de Youtube. Adem\u00e1s seguinos en\u00a0<\/i><a href=\"https:\/\/www.instagram.com\/autofanstv\/\"><i>INSTAGRAM<\/i><\/a><i> y <\/i><a href=\"https:\/\/www.facebook.com\/autofansmas\/\"><i>FACEBOOK<\/i><\/a><i> para no perderte nada sobre las novedades del segmento automotor de Argentina y el mundo.<\/i><\/p>\n","protected":false},"excerpt":{"rendered":"<p>El Mercedes-Benz CLA el\u00e9ctrico sorprendi\u00f3 al mundo al establecer un r\u00e9cord hist\u00f3rico en el circuito&#8230;<\/p>\n","protected":false},"author":2,"featured_media":9980,"comment_status":"closed","ping_status":"closed","sticky":false,"template":"","format":"standard","meta":{"footnotes":""},"categories":[341,16],"tags":[5408,5405,5407,5406,5409],"class_list":["post-9978","post","type-post","status-publish","format-standard","has-post-thumbnail","hentry","category-hibridos-y-electricos","category-noticias","tag-mercedes-benz-autonomia-record","tag-mercedes-benz-cla-electrico","tag-movilidad-electrica-en-argentina","tag-record-mercedes-benz-electrico","tag-vehiculos-electricos-innovadores"],"yoast_head":"<!-- This site is optimized with the Yoast SEO plugin v27.5 - https:\/\/yoast.com\/product\/yoast-seo-wordpress\/ -->\n<title>Mercedes-Benz CLA el\u00e9ctrico, 3.717 kil\u00f3metros en solo 24 horas -<\/title>\n<meta name=\"description\" content=\"El Mercedes-Benz CLA el\u00e9ctrico sorprendi\u00f3 al mundo al establecer un r\u00e9cord hist\u00f3rico en el circuito de Italia, en una prueba sin precedentes.\" \/>\n<meta name=\"robots\" content=\"index, follow, max-snippet:-1, max-image-preview:large, max-video-preview:-1\" \/>\n<link rel=\"canonical\" href=\"https:\/\/autofans.com.ar\/index.php\/2024\/11\/25\/mercedes-benz-cla-electrico-3-717-kilometros-en-solo-24-horas\/\" \/>\n<meta property=\"og:locale\" content=\"es_ES\" \/>\n<meta property=\"og:type\" content=\"article\" \/>\n<meta property=\"og:title\" content=\"Mercedes-Benz CLA el\u00e9ctrico, 3.717 kil\u00f3metros en solo 24 horas -\" \/>\n<meta property=\"og:description\" content=\"El Mercedes-Benz CLA el\u00e9ctrico sorprendi\u00f3 al mundo al establecer un r\u00e9cord hist\u00f3rico en el circuito de Italia, en una prueba sin precedentes.\" \/>\n<meta property=\"og:url\" content=\"https:\/\/autofans.com.ar\/index.php\/2024\/11\/25\/mercedes-benz-cla-electrico-3-717-kilometros-en-solo-24-horas\/\" \/>\n<meta property=\"article:published_time\" content=\"2024-11-25T17:44:57+00:00\" \/>\n<meta property=\"og:image\" content=\"https:\/\/autofans.com.ar\/wp-content\/uploads\/2024\/11\/mercedes-3-1.jpg\" \/>\n\t<meta property=\"og:image:width\" content=\"1000\" \/>\n\t<meta property=\"og:image:height\" content=\"667\" \/>\n\t<meta property=\"og:image:type\" content=\"image\/jpeg\" \/>\n<meta name=\"author\" content=\"Alejandro Gabriel Rosito\" \/>\n<meta name=\"twitter:card\" content=\"summary_large_image\" \/>\n<meta name=\"twitter:label1\" content=\"Escrito por\" \/>\n\t<meta name=\"twitter:data1\" content=\"Alejandro Gabriel Rosito\" \/>\n\t<meta name=\"twitter:label2\" content=\"Tiempo de lectura\" \/>\n\t<meta name=\"twitter:data2\" content=\"2 minutos\" \/>\n<script type=\"application\/ld+json\" class=\"yoast-schema-graph\">{\"@context\":\"https:\\\/\\\/schema.org\",\"@graph\":[{\"@type\":\"Article\",\"@id\":\"https:\\\/\\\/autofans.com.ar\\\/index.php\\\/2024\\\/11\\\/25\\\/mercedes-benz-cla-electrico-3-717-kilometros-en-solo-24-horas\\\/#article\",\"isPartOf\":{\"@id\":\"https:\\\/\\\/autofans.com.ar\\\/index.php\\\/2024\\\/11\\\/25\\\/mercedes-benz-cla-electrico-3-717-kilometros-en-solo-24-horas\\\/\"},\"author\":{\"name\":\"Alejandro Gabriel Rosito\",\"@id\":\"https:\\\/\\\/autofans.com.ar\\\/#\\\/schema\\\/person\\\/4a8dda0b6df83ac3d6723e921274c2aa\"},\"headline\":\"Mercedes-Benz CLA el\u00e9ctrico, 3.717 kil\u00f3metros en solo 24 horas\",\"datePublished\":\"2024-11-25T17:44:57+00:00\",\"mainEntityOfPage\":{\"@id\":\"https:\\\/\\\/autofans.com.ar\\\/index.php\\\/2024\\\/11\\\/25\\\/mercedes-benz-cla-electrico-3-717-kilometros-en-solo-24-horas\\\/\"},\"wordCount\":297,\"image\":{\"@id\":\"https:\\\/\\\/autofans.com.ar\\\/index.php\\\/2024\\\/11\\\/25\\\/mercedes-benz-cla-electrico-3-717-kilometros-en-solo-24-horas\\\/#primaryimage\"},\"thumbnailUrl\":\"https:\\\/\\\/autofans.com.ar\\\/wp-content\\\/uploads\\\/2024\\\/11\\\/mercedes-3-1.jpg\",\"keywords\":[\"Mercedes-Benz autonom\u00eda r\u00e9cord\",\"Mercedes-Benz CLA el\u00e9ctrico\",\"movilidad el\u00e9ctrica en Argentina\",\"r\u00e9cord Mercedes-Benz el\u00e9ctrico\",\"veh\u00edculos el\u00e9ctricos innovadores\"],\"articleSection\":[\"HIBRIDOS, ELECTRICOS y otros\",\"NOTICIAS\"],\"inLanguage\":\"es\"},{\"@type\":\"WebPage\",\"@id\":\"https:\\\/\\\/autofans.com.ar\\\/index.php\\\/2024\\\/11\\\/25\\\/mercedes-benz-cla-electrico-3-717-kilometros-en-solo-24-horas\\\/\",\"url\":\"https:\\\/\\\/autofans.com.ar\\\/index.php\\\/2024\\\/11\\\/25\\\/mercedes-benz-cla-electrico-3-717-kilometros-en-solo-24-horas\\\/\",\"name\":\"Mercedes-Benz CLA el\u00e9ctrico, 3.717 kil\u00f3metros en solo 24 horas -\",\"isPartOf\":{\"@id\":\"https:\\\/\\\/autofans.com.ar\\\/#website\"},\"primaryImageOfPage\":{\"@id\":\"https:\\\/\\\/autofans.com.ar\\\/index.php\\\/2024\\\/11\\\/25\\\/mercedes-benz-cla-electrico-3-717-kilometros-en-solo-24-horas\\\/#primaryimage\"},\"image\":{\"@id\":\"https:\\\/\\\/autofans.com.ar\\\/index.php\\\/2024\\\/11\\\/25\\\/mercedes-benz-cla-electrico-3-717-kilometros-en-solo-24-horas\\\/#primaryimage\"},\"thumbnailUrl\":\"https:\\\/\\\/autofans.com.ar\\\/wp-content\\\/uploads\\\/2024\\\/11\\\/mercedes-3-1.jpg\",\"datePublished\":\"2024-11-25T17:44:57+00:00\",\"author\":{\"@id\":\"https:\\\/\\\/autofans.com.ar\\\/#\\\/schema\\\/person\\\/4a8dda0b6df83ac3d6723e921274c2aa\"},\"description\":\"El Mercedes-Benz CLA el\u00e9ctrico sorprendi\u00f3 al mundo al establecer un r\u00e9cord hist\u00f3rico en el circuito de Italia, en una prueba sin precedentes.\",\"breadcrumb\":{\"@id\":\"https:\\\/\\\/autofans.com.ar\\\/index.php\\\/2024\\\/11\\\/25\\\/mercedes-benz-cla-electrico-3-717-kilometros-en-solo-24-horas\\\/#breadcrumb\"},\"inLanguage\":\"es\",\"potentialAction\":[{\"@type\":\"ReadAction\",\"target\":[\"https:\\\/\\\/autofans.com.ar\\\/index.php\\\/2024\\\/11\\\/25\\\/mercedes-benz-cla-electrico-3-717-kilometros-en-solo-24-horas\\\/\"]}]},{\"@type\":\"ImageObject\",\"inLanguage\":\"es\",\"@id\":\"https:\\\/\\\/autofans.com.ar\\\/index.php\\\/2024\\\/11\\\/25\\\/mercedes-benz-cla-electrico-3-717-kilometros-en-solo-24-horas\\\/#primaryimage\",\"url\":\"https:\\\/\\\/autofans.com.ar\\\/wp-content\\\/uploads\\\/2024\\\/11\\\/mercedes-3-1.jpg\",\"contentUrl\":\"https:\\\/\\\/autofans.com.ar\\\/wp-content\\\/uploads\\\/2024\\\/11\\\/mercedes-3-1.jpg\",\"width\":1000,\"height\":667,\"caption\":\"Mercedes-Benz CLA\"},{\"@type\":\"BreadcrumbList\",\"@id\":\"https:\\\/\\\/autofans.com.ar\\\/index.php\\\/2024\\\/11\\\/25\\\/mercedes-benz-cla-electrico-3-717-kilometros-en-solo-24-horas\\\/#breadcrumb\",\"itemListElement\":[{\"@type\":\"ListItem\",\"position\":1,\"name\":\"Inicio\",\"item\":\"https:\\\/\\\/autofans.com.ar\\\/\"},{\"@type\":\"ListItem\",\"position\":2,\"name\":\"Mercedes-Benz CLA el\u00e9ctrico, 3.717 kil\u00f3metros en solo 24 horas\"}]},{\"@type\":\"WebSite\",\"@id\":\"https:\\\/\\\/autofans.com.ar\\\/#website\",\"url\":\"https:\\\/\\\/autofans.com.ar\\\/\",\"name\":\"\",\"description\":\"El multimedio referente de la industria automotriz\",\"potentialAction\":[{\"@type\":\"SearchAction\",\"target\":{\"@type\":\"EntryPoint\",\"urlTemplate\":\"https:\\\/\\\/autofans.com.ar\\\/?s={search_term_string}\"},\"query-input\":{\"@type\":\"PropertyValueSpecification\",\"valueRequired\":true,\"valueName\":\"search_term_string\"}}],\"inLanguage\":\"es\"},{\"@type\":\"Person\",\"@id\":\"https:\\\/\\\/autofans.com.ar\\\/#\\\/schema\\\/person\\\/4a8dda0b6df83ac3d6723e921274c2aa\",\"name\":\"Alejandro Gabriel Rosito\",\"image\":{\"@type\":\"ImageObject\",\"inLanguage\":\"es\",\"@id\":\"https:\\\/\\\/secure.gravatar.com\\\/avatar\\\/16c5dda1489adfc62618084dcbb91cffd879c374b13fe5dd8e44ed6733852c88?s=96&d=mm&r=g\",\"url\":\"https:\\\/\\\/secure.gravatar.com\\\/avatar\\\/16c5dda1489adfc62618084dcbb91cffd879c374b13fe5dd8e44ed6733852c88?s=96&d=mm&r=g\",\"contentUrl\":\"https:\\\/\\\/secure.gravatar.com\\\/avatar\\\/16c5dda1489adfc62618084dcbb91cffd879c374b13fe5dd8e44ed6733852c88?s=96&d=mm&r=g\",\"caption\":\"Alejandro Gabriel Rosito\"},\"url\":\"https:\\\/\\\/autofans.com.ar\\\/index.php\\\/author\\\/gabrielr\\\/\"}]}<\/script>\n<!-- \/ Yoast SEO plugin. -->","yoast_head_json":{"title":"Mercedes-Benz CLA el\u00e9ctrico, 3.717 kil\u00f3metros en solo 24 horas -","description":"El Mercedes-Benz CLA el\u00e9ctrico sorprendi\u00f3 al mundo al establecer un r\u00e9cord hist\u00f3rico en el circuito de Italia, en una prueba sin precedentes.","robots":{"index":"index","follow":"follow","max-snippet":"max-snippet:-1","max-image-preview":"max-image-preview:large","max-video-preview":"max-video-preview:-1"},"canonical":"https:\/\/autofans.com.ar\/index.php\/2024\/11\/25\/mercedes-benz-cla-electrico-3-717-kilometros-en-solo-24-horas\/","og_locale":"es_ES","og_type":"article","og_title":"Mercedes-Benz CLA el\u00e9ctrico, 3.717 kil\u00f3metros en solo 24 horas -","og_description":"El Mercedes-Benz CLA el\u00e9ctrico sorprendi\u00f3 al mundo al establecer un r\u00e9cord hist\u00f3rico en el circuito de Italia, en una prueba sin precedentes.","og_url":"https:\/\/autofans.com.ar\/index.php\/2024\/11\/25\/mercedes-benz-cla-electrico-3-717-kilometros-en-solo-24-horas\/","article_published_time":"2024-11-25T17:44:57+00:00","og_image":[{"width":1000,"height":667,"url":"https:\/\/autofans.com.ar\/wp-content\/uploads\/2024\/11\/mercedes-3-1.jpg","type":"image\/jpeg"}],"author":"Alejandro Gabriel Rosito","twitter_card":"summary_large_image","twitter_misc":{"Escrito por":"Alejandro Gabriel Rosito","Tiempo de lectura":"2 minutos"},"schema":{"@context":"https:\/\/schema.org","@graph":[{"@type":"Article","@id":"https:\/\/autofans.com.ar\/index.php\/2024\/11\/25\/mercedes-benz-cla-electrico-3-717-kilometros-en-solo-24-horas\/#article","isPartOf":{"@id":"https:\/\/autofans.com.ar\/index.php\/2024\/11\/25\/mercedes-benz-cla-electrico-3-717-kilometros-en-solo-24-horas\/"},"author":{"name":"Alejandro Gabriel Rosito","@id":"https:\/\/autofans.com.ar\/#\/schema\/person\/4a8dda0b6df83ac3d6723e921274c2aa"},"headline":"Mercedes-Benz CLA el\u00e9ctrico, 3.717 kil\u00f3metros en solo 24 horas","datePublished":"2024-11-25T17:44:57+00:00","mainEntityOfPage":{"@id":"https:\/\/autofans.com.ar\/index.php\/2024\/11\/25\/mercedes-benz-cla-electrico-3-717-kilometros-en-solo-24-horas\/"},"wordCount":297,"image":{"@id":"https:\/\/autofans.com.ar\/index.php\/2024\/11\/25\/mercedes-benz-cla-electrico-3-717-kilometros-en-solo-24-horas\/#primaryimage"},"thumbnailUrl":"https:\/\/autofans.com.ar\/wp-content\/uploads\/2024\/11\/mercedes-3-1.jpg","keywords":["Mercedes-Benz autonom\u00eda r\u00e9cord","Mercedes-Benz CLA el\u00e9ctrico","movilidad el\u00e9ctrica en Argentina","r\u00e9cord Mercedes-Benz el\u00e9ctrico","veh\u00edculos el\u00e9ctricos innovadores"],"articleSection":["HIBRIDOS, ELECTRICOS y otros","NOTICIAS"],"inLanguage":"es"},{"@type":"WebPage","@id":"https:\/\/autofans.com.ar\/index.php\/2024\/11\/25\/mercedes-benz-cla-electrico-3-717-kilometros-en-solo-24-horas\/","url":"https:\/\/autofans.com.ar\/index.php\/2024\/11\/25\/mercedes-benz-cla-electrico-3-717-kilometros-en-solo-24-horas\/","name":"Mercedes-Benz CLA el\u00e9ctrico, 3.717 kil\u00f3metros en solo 24 horas -","isPartOf":{"@id":"https:\/\/autofans.com.ar\/#website"},"primaryImageOfPage":{"@id":"https:\/\/autofans.com.ar\/index.php\/2024\/11\/25\/mercedes-benz-cla-electrico-3-717-kilometros-en-solo-24-horas\/#primaryimage"},"image":{"@id":"https:\/\/autofans.com.ar\/index.php\/2024\/11\/25\/mercedes-benz-cla-electrico-3-717-kilometros-en-solo-24-horas\/#primaryimage"},"thumbnailUrl":"https:\/\/autofans.com.ar\/wp-content\/uploads\/2024\/11\/mercedes-3-1.jpg","datePublished":"2024-11-25T17:44:57+00:00","author":{"@id":"https:\/\/autofans.com.ar\/#\/schema\/person\/4a8dda0b6df83ac3d6723e921274c2aa"},"description":"El Mercedes-Benz CLA el\u00e9ctrico sorprendi\u00f3 al mundo al establecer un r\u00e9cord hist\u00f3rico en el circuito de Italia, en una prueba sin precedentes.","breadcrumb":{"@id":"https:\/\/autofans.com.ar\/index.php\/2024\/11\/25\/mercedes-benz-cla-electrico-3-717-kilometros-en-solo-24-horas\/#breadcrumb"},"inLanguage":"es","potentialAction":[{"@type":"ReadAction","target":["https:\/\/autofans.com.ar\/index.php\/2024\/11\/25\/mercedes-benz-cla-electrico-3-717-kilometros-en-solo-24-horas\/"]}]},{"@type":"ImageObject","inLanguage":"es","@id":"https:\/\/autofans.com.ar\/index.php\/2024\/11\/25\/mercedes-benz-cla-electrico-3-717-kilometros-en-solo-24-horas\/#primaryimage","url":"https:\/\/autofans.com.ar\/wp-content\/uploads\/2024\/11\/mercedes-3-1.jpg","contentUrl":"https:\/\/autofans.com.ar\/wp-content\/uploads\/2024\/11\/mercedes-3-1.jpg","width":1000,"height":667,"caption":"Mercedes-Benz CLA"},{"@type":"BreadcrumbList","@id":"https:\/\/autofans.com.ar\/index.php\/2024\/11\/25\/mercedes-benz-cla-electrico-3-717-kilometros-en-solo-24-horas\/#breadcrumb","itemListElement":[{"@type":"ListItem","position":1,"name":"Inicio","item":"https:\/\/autofans.com.ar\/"},{"@type":"ListItem","position":2,"name":"Mercedes-Benz CLA el\u00e9ctrico, 3.717 kil\u00f3metros en solo 24 horas"}]},{"@type":"WebSite","@id":"https:\/\/autofans.com.ar\/#website","url":"https:\/\/autofans.com.ar\/","name":"","description":"El multimedio referente de la industria automotriz","potentialAction":[{"@type":"SearchAction","target":{"@type":"EntryPoint","urlTemplate":"https:\/\/autofans.com.ar\/?s={search_term_string}"},"query-input":{"@type":"PropertyValueSpecification","valueRequired":true,"valueName":"search_term_string"}}],"inLanguage":"es"},{"@type":"Person","@id":"https:\/\/autofans.com.ar\/#\/schema\/person\/4a8dda0b6df83ac3d6723e921274c2aa","name":"Alejandro Gabriel Rosito","image":{"@type":"ImageObject","inLanguage":"es","@id":"https:\/\/secure.gravatar.com\/avatar\/16c5dda1489adfc62618084dcbb91cffd879c374b13fe5dd8e44ed6733852c88?s=96&d=mm&r=g","url":"https:\/\/secure.gravatar.com\/avatar\/16c5dda1489adfc62618084dcbb91cffd879c374b13fe5dd8e44ed6733852c88?s=96&d=mm&r=g","contentUrl":"https:\/\/secure.gravatar.com\/avatar\/16c5dda1489adfc62618084dcbb91cffd879c374b13fe5dd8e44ed6733852c88?s=96&d=mm&r=g","caption":"Alejandro Gabriel Rosito"},"url":"https:\/\/autofans.com.ar\/index.php\/author\/gabrielr\/"}]}},"featured_image_urls":{"full":["https:\/\/autofans.com.ar\/wp-content\/uploads\/2024\/11\/mercedes-3-1.jpg",1000,667,false],"thumbnail":["https:\/\/autofans.com.ar\/wp-content\/uploads\/2024\/11\/mercedes-3-1-150x150.jpg",150,150,true],"medium":["https:\/\/autofans.com.ar\/wp-content\/uploads\/2024\/11\/mercedes-3-1-300x200.jpg",300,200,true],"medium_large":["https:\/\/autofans.com.ar\/wp-content\/uploads\/2024\/11\/mercedes-3-1-768x512.jpg",640,427,true],"large":["https:\/\/autofans.com.ar\/wp-content\/uploads\/2024\/11\/mercedes-3-1.jpg",640,427,false],"1536x1536":["https:\/\/autofans.com.ar\/wp-content\/uploads\/2024\/11\/mercedes-3-1.jpg",1000,667,false],"2048x2048":["https:\/\/autofans.com.ar\/wp-content\/uploads\/2024\/11\/mercedes-3-1.jpg",1000,667,false],"covernews-featured":["https:\/\/autofans.com.ar\/wp-content\/uploads\/2024\/11\/mercedes-3-1.jpg",1000,667,false],"covernews-medium":["https:\/\/autofans.com.ar\/wp-content\/uploads\/2024\/11\/mercedes-3-1-540x340.jpg",540,340,true]},"author_info":{"display_name":"Alejandro Gabriel Rosito","author_link":"https:\/\/autofans.com.ar\/index.php\/author\/gabrielr\/"},"category_info":"<a href=\"https:\/\/autofans.com.ar\/index.php\/category\/noticias\/hibridos-y-electricos\/\" rel=\"category tag\">HIBRIDOS, ELECTRICOS y otros<\/a> <a href=\"https:\/\/autofans.com.ar\/index.php\/category\/noticias\/\" rel=\"category tag\">NOTICIAS<\/a>","tag_info":"NOTICIAS","comment_count":0,"_links":{"self":[{"href":"https:\/\/autofans.com.ar\/index.php\/wp-json\/wp\/v2\/posts\/9978","targetHints":{"allow":["GET"]}}],"collection":[{"href":"https:\/\/autofans.com.ar\/index.php\/wp-json\/wp\/v2\/posts"}],"about":[{"href":"https:\/\/autofans.com.ar\/index.php\/wp-json\/wp\/v2\/types\/post"}],"author":[{"embeddable":true,"href":"https:\/\/autofans.com.ar\/index.php\/wp-json\/wp\/v2\/users\/2"}],"replies":[{"embeddable":true,"href":"https:\/\/autofans.com.ar\/index.php\/wp-json\/wp\/v2\/comments?post=9978"}],"version-history":[{"count":2,"href":"https:\/\/autofans.com.ar\/index.php\/wp-json\/wp\/v2\/posts\/9978\/revisions"}],"predecessor-version":[{"id":9983,"href":"https:\/\/autofans.com.ar\/index.php\/wp-json\/wp\/v2\/posts\/9978\/revisions\/9983"}],"wp:featuredmedia":[{"embeddable":true,"href":"https:\/\/autofans.com.ar\/index.php\/wp-json\/wp\/v2\/media\/9980"}],"wp:attachment":[{"href":"https:\/\/autofans.com.ar\/index.php\/wp-json\/wp\/v2\/media?parent=9978"}],"wp:term":[{"taxonomy":"category","embeddable":true,"href":"https:\/\/autofans.com.ar\/index.php\/wp-json\/wp\/v2\/categories?post=9978"},{"taxonomy":"post_tag","embeddable":true,"href":"https:\/\/autofans.com.ar\/index.php\/wp-json\/wp\/v2\/tags?post=9978"}],"curies":[{"name":"wp","href":"https:\/\/api.w.org\/{rel}","templated":true}]}}